{"id":157,"date":"2021-01-27T07:00:59","date_gmt":"2021-01-27T06:00:59","guid":{"rendered":"http:\/\/davadie.bzh\/?p=157"},"modified":"2023-09-18T21:55:54","modified_gmt":"2023-09-18T19:55:54","slug":"point-dactualite","status":"publish","type":"post","link":"https:\/\/davadie.bzh\/index.php\/2021\/01\/27\/point-dactualite\/","title":{"rendered":"Point d&rsquo;actualit\u00e9"},"content":{"rendered":"<p style=\"text-align: justify;\">Un pr\u00e9c\u00e9dent billet a \u00e9t\u00e9 consacr\u00e9 \u00e0 la <a href=\"https:\/\/davadie.bzh\/index.php\/2020\/12\/29\/normalisation-de-la-deviance\/\">normalisation de la d\u00e9viance<\/a>. Une telle explication \u00e0 des faits dramatiques pouvait sembler un peu hardie, dans la mesure o\u00f9 elle s&rsquo;appuyait principalement sur des sources secondaires : les extraits de d\u00e9clarations recueillis dans la presse.<\/p>\n<p style=\"text-align: justify;\">Une nouvelle source secondaire vient confirmer cette analyse. En effet, l&rsquo;un des pr\u00e9venus (qui a \u00e9t\u00e9 relax\u00e9) a d\u00e9clar\u00e9 : <em>\u00ab A Saint-Cyr, rien ne se passe comme ailleurs \u00bb<\/em>. Cela peut faire \u00e9cho aux d\u00e9clarations de l&rsquo;avocat de la partie civile qui estimait pour sa part qu&rsquo;il y avait eu <em>\u00ab un manque de s\u00e9curit\u00e9, de pr\u00e9paration, de s\u00e9curit\u00e9 et d\u2019intelligence \u00bb<\/em>, ce que confirment d&rsquo;autres d\u00e9clarations relatives \u00e0 <a href=\"https:\/\/www.20minutes.fr\/societe\/2914323-20201123-mort-eleve-saint-cyr-recit-nuit-bahutage-coute-vie-jallal-hami\">l&rsquo;environnement des faits<\/a> en question. Au-del\u00e0 de la question des peines, celle de la normalisation de la d\u00e9viance dans les activit\u00e9s de tradition demeure. Et, partant, celle de l&rsquo;apprentissage : peut-on apprendre correctement si une part de sa formation initiale fait la part belle \u00e0 la normalisation de la d\u00e9viance ?<\/p>\n<p><img loading=\"lazy\" decoding=\"async\" class=\"aligncenter size-large\" src=\"https:\/\/www.rcemlearning.co.uk\/wp-content\/uploads\/foamed\/is-normalisation-of-deviance-the-standard-in-medicine\/Screen-Shot-2017-06-01-at-22.10.06.png\" width=\"495\" height=\"342\" \/><\/p>\n<p style=\"text-align: center;\"><a href=\"https:\/\/www.rcemlearning.co.uk\/wp-content\/uploads\/foamed\/is-normalisation-of-deviance-the-standard-in-medicine\/Screen-Shot-2017-06-01-at-22.10.06.png\">Source<\/a><\/p>\n<p style=\"text-align: justify;\">Un autre billet \u00e9tait consacr\u00e9 \u00e0 <a href=\"https:\/\/davadie.bzh\/index.php\/2020\/12\/21\/la-part-prudentielle-dun-metier\/\">la part prudentielle d&rsquo;un m\u00e9tier<\/a>. Il exposait que certains m\u00e9tiers sont binaires (ou duaux) \u00e0 savoir qu&rsquo;\u00e0 c\u00f4t\u00e9 de leur partie norm\u00e9e qui explique comment faire et qui peut s&rsquo;enseigner, il existe une partie prudentielle (ou phronesis) qui s&rsquo;acquiert avec le temps.<\/p>\n<p style=\"text-align: justify;\">Simultan\u00e9ment, un des th\u00e8mes du Beauvau de la s\u00e9curit\u00e9 est la formation des policiers, qu&rsquo;elle soit initiale ou continue. Faisant partie des <a href=\"https:\/\/twitter.com\/unsadh\/status\/1353745850934161409\/photo\/1\">huit chantiers<\/a>, c&rsquo;en serait m\u00eame un <a href=\"https:\/\/www.lefigaro.fr\/actualite-france\/la-formation-des-policiers-enjeu-majeur-du-beauvau-de-la-securite-20210125\">enjeu majeur<\/a> si l&rsquo;on en croit la presse. Pourtant, les \u00e9l\u00e9ments recueillis dans la presse \u00e9galement ne semblent prendre en compte que le <a href=\"https:\/\/www.ouest-france.fr\/politique\/defense\/gendarmerie\/beauvau-de-la-securite-tous-les-sujets-qui-fachent-seront-sur-la-table-7130662\">nombre d&rsquo;heures de formation<\/a>, au d\u00e9triment notamment de sa qualit\u00e9 et du contr\u00f4le des acquisitions en fin de formation. La lettre du Figaro pr\u00e9cise m\u00eame que <a href=\"http:\/\/emc2.lefigaro.fr\/optiext\/optiextension.dll?ID=dHGdL7pK7e0Y4bPUQakqmmchlrXUr9aHYO6HRAilfSQ1cwmZRcuGNMa7EQ3rtQHv_gp19I747FmGBbzLyAX3N1nzXT%2B6ERlHv4DVb_Jr\" target=\"_blank\" rel=\"noopener noreferrer\"><em>la question de la formation sera abord\u00e9e <\/em><\/a><em>et ce n&rsquo;est pas du luxe puisque les 12 heures de formation annuelle obligatoires, 20% des policiers les ont faites en totalit\u00e9 en 2019, d\u00e9plorent les policiers<\/em>. Former pour former est un travers d\u00e9j\u00e0 point\u00e9 du doigt dans diff\u00e9rents secteurs professionnels o\u00f9, dans la pratique, peu importe la qualit\u00e9 de la formation et ce que les personnes form\u00e9es ont retenu, du moment que le quota d&rsquo;heures de formation a \u00e9t\u00e9 respect\u00e9. Quand un m\u00e9tier comprend un aspect prudentiel av\u00e9r\u00e9, le respect d&rsquo;un simple quota d&rsquo;heures annuel ne peut suffire pour d\u00e9velopper l&rsquo;aspect prudentiel.<\/p>\n<p style=\"text-align: justify;\">Prendre en compte l&rsquo;aspect prudentiel du m\u00e9tier (quand il existe) exige de repenser la formation. A c\u00f4t\u00e9 de la partie norm\u00e9e (les r\u00e8glements et savoir-faire) doit ainsi exister une partie de mise en \u0153uvre de l&rsquo;acquis afin de savoir comment l&rsquo;adapter aux situations particuli\u00e8res. Sa pr\u00e9paration est autre que celle des cours magistraux et des simples \u00ab\u00a0mises en situation\u00a0\u00bb : il ne s&rsquo;agit pas de transmettre du savoir-faire ou de faire du <em>drill<\/em>, il s&rsquo;agit de d\u00e9velopper le caract\u00e8re prudentiel de l&rsquo;\u00e9l\u00e8ve. Cette formation doit donc comporter plusieurs niveaux croissants de complexit\u00e9 pour que l&rsquo;\u00e9l\u00e8ve d\u00e9veloppe son appr\u00e9hension de situations de plus en plus complexe, et destin\u00e9e non \u00e0 lui montrer ses limites, mais \u00e0 d\u00e9velopper sa capacit\u00e9 de r\u00e9action face \u00e0 l&rsquo;impr\u00e9vu.<\/p>\n<p style=\"text-align: justify;\">C&rsquo;est ainsi que le chantier de la formation ne concerne pas seulement les personnes form\u00e9es, mais aussi les formateurs.<\/p>\n","protected":false},"excerpt":{"rendered":"<p>Un pr\u00e9c\u00e9dent billet a \u00e9t\u00e9 consacr\u00e9 \u00e0 la normalisation de la d\u00e9viance. Une telle explication \u00e0 des faits dramatiques pouvait<\/p>\n","protected":false},"author":1,"featured_media":0,"comment_status":"open","ping_status":"open","sticky":false,"template":"","format":"standard","meta":{"colormag_page_container_layout":"default_layout","colormag_page_sidebar_layout":"default_layout","footnotes":""},"categories":[17,15,14],"tags":[23,22],"post_folder":[],"class_list":["post-157","post","type-post","status-publish","format-standard","hentry","category-deviance","category-partie-prudentielle","category-profession","tag-controle","tag-formation"],"_links":{"self":[{"href":"https:\/\/davadie.bzh\/index.php\/wp-json\/wp\/v2\/posts\/157","targetHints":{"allow":["GET"]}}],"collection":[{"href":"https:\/\/davadie.bzh\/index.php\/wp-json\/wp\/v2\/posts"}],"about":[{"href":"https:\/\/davadie.bzh\/index.php\/wp-json\/wp\/v2\/types\/post"}],"author":[{"embeddable":true,"href":"https:\/\/davadie.bzh\/index.php\/wp-json\/wp\/v2\/users\/1"}],"replies":[{"embeddable":true,"href":"https:\/\/davadie.bzh\/index.php\/wp-json\/wp\/v2\/comments?post=157"}],"version-history":[{"count":8,"href":"https:\/\/davadie.bzh\/index.php\/wp-json\/wp\/v2\/posts\/157\/revisions"}],"predecessor-version":[{"id":493,"href":"https:\/\/davadie.bzh\/index.php\/wp-json\/wp\/v2\/posts\/157\/revisions\/493"}],"wp:attachment":[{"href":"https:\/\/davadie.bzh\/index.php\/wp-json\/wp\/v2\/media?parent=157"}],"wp:term":[{"taxonomy":"category","embeddable":true,"href":"https:\/\/davadie.bzh\/index.php\/wp-json\/wp\/v2\/categories?post=157"},{"taxonomy":"post_tag","embeddable":true,"href":"https:\/\/davadie.bzh\/index.php\/wp-json\/wp\/v2\/tags?post=157"},{"taxonomy":"post_folder","embeddable":true,"href":"https:\/\/davadie.bzh\/index.php\/wp-json\/wp\/v2\/post_folder?post=157"}],"curies":[{"name":"wp","href":"https:\/\/api.w.org\/{rel}","templated":true}]}}